{"id":33584,"date":"2025-03-12T17:00:00","date_gmt":"2025-03-12T15:00:00","guid":{"rendered":"https:\/\/www.clinichelena.com\/?p=33584"},"modified":"2025-02-27T19:54:23","modified_gmt":"2025-02-27T17:54:23","slug":"mita-pinksulle-kuuluu-nyt","status":"publish","type":"post","link":"https:\/\/www.clinichelena.com\/fi\/potilaidemme-tarinoita\/mita-pinksulle-kuuluu-nyt\/","title":{"rendered":"Kaksi vuotta rintaleikkauksesta: Mit\u00e4 Pinksulle kuuluu nyt?"},"content":{"rendered":"\n<p>Kaksi vuotta on kulunut siit\u00e4, kun Johanna &#8221;Pinksu&#8221; Marjomaa menetti molemmat rinnat rintasy\u00f6v\u00e4n vuoksi. Tilalle rakennettiin uudet, terveet rinnat selk\u00e4kielekkeist\u00e4 ja implanteista. Nyt, maaliskuussa 2025, Johanna kertoo tarinansa ja pohtii oliko matka sen arvoinen ja mit\u00e4 h\u00e4nelle kuuluu t\u00e4n\u00e4\u00e4n. (<a href=\"https:\/\/www.clinichelena.com\/fi\/potilaidemme-tarinoita\/pinksu-2-0-matka-selviytymiseen-ja-voimaantumiseen\/\">Lue my\u00f6s Johannan ajemmista tuntemuksista Pinksu 2.0: Matka selviytymiseen ja voimaantumiseen.<\/a> )<\/p>\n\n\n\n<h2 class=\"wp-block-heading\">Fyysinen ja henkinen toipuminen<\/h2>\n\n\n\n<p>Johannan fyysinen toipuminen sujui odotettua nopeammin. Normaaliin el\u00e4m\u00e4\u00e4n palaaminen onnistui suhteellisen pian ja t\u00e4n\u00e4 p\u00e4iv\u00e4n\u00e4 h\u00e4n el\u00e4\u00e4 aktiivista arkea. Kipuja ei en\u00e4\u00e4 ole ja h\u00e4n harjoittaa s\u00e4\u00e4nn\u00f6llisesti liikuntaa kuunnellen kehon tarpeita ja kunnioittaen sen rajoja.<\/p>\n\n\n\n<p>Toipumiseen liittyi kuitenkin my\u00f6s haasteita. Rintojen alueella on edelleen osittainen tunnottomuus ja n\u00e4nnien tuntoherkkyyden menetys on ollut henkisesti raskasta. T\u00e4m\u00e4 on vaatinut aikaa ja hyv\u00e4ksynt\u00e4\u00e4. &#8221;Rintasy\u00f6p\u00e4 oli kuin varjo, joka seurasi minua kaikkialle. Kun se poistui, el\u00e4m\u00e4nlaatu parani valtavasti,&#8221; Johanna toteaa. H\u00e4n kokee, ett\u00e4 leikkaus ei pelk\u00e4st\u00e4\u00e4n palauttanut h\u00e4nen terveytt\u00e4\u00e4n, vaan my\u00f6s s\u00e4ilytti h\u00e4nen kehonsa kauniina ja h\u00e4nen n\u00e4k\u00f6isen\u00e4\u00e4n.<\/p>\n\n\n\n<h2 class=\"wp-block-heading\">Clinic Helenan v\u00e4litt\u00e4v\u00e4 hoito<\/h2>\n\n\n\n<p>Matkaa kohti toipumista ei tarvinnut kulkea yksin. Pinksu sai Clinic Helenan tiimilt\u00e4 tukea, joka ylitti h\u00e4nen odotuksensa. Erityisesti Helena Puontin osaaminen ja l\u00e4mmin suhtautuminen loivat turvallisuuden tunnetta.<\/p>\n\n\n\n<p><em>\u201dEnsimm\u00e4inen videopuhelu Helenan kanssa j\u00e4i mieleeni ikuisesti. H\u00e4n toi rauhallisuutta ja luottamusta suuren pelon keskell\u00e4. Jokaisessa tapaamisessa v\u00e4littyi, kuinka paljon minusta v\u00e4litettiin&#8221;<\/em>, Pinksu kertoo.<\/p>\n\n\n\n<p>Leikkauksen j\u00e4lkeen Johannalle korostettiin aktiivista toipumista. Helena kannusti aloittamaan kevyen liikunnan varhain, jotta esimerkiksi olkap\u00e4\u00e4t eiv\u00e4t j\u00e4ykistyisi. My\u00f6s henkinen hyvinvointi otettiin huomioon. <br><em>\u201d\u00c4\u00e4rimm\u00e4isen herkk\u00e4n\u00e4 pelkopotilaana sain my\u00f6s lempe\u00e4\u00e4 ymm\u00e4rryst\u00e4. Tuntui hyv\u00e4lt\u00e4, etten joutunut j\u00e4\u00e4m\u00e4\u00e4n yksin ahdistavien tunteiden kanssa ja sain itke\u00e4, kun itketti. Minusta pidettiin niin hyv\u00e4\u00e4 huolta niin henkisesti kuin fyysisestikin.\u201d<\/em><\/p>\n\n\n\n<h2 class=\"wp-block-heading\">Uusi n\u00e4k\u00f6kulma el\u00e4m\u00e4\u00e4n<\/h2>\n\n\n\n<p>Rintasy\u00f6p\u00e4 ei ollut Johannan ensimm\u00e4inen terveysuhka. Nuoruudessaan h\u00e4n sairasti Hodgkinin taudin ja silloin saatu s\u00e4dehoito saattoi olla rintasy\u00f6v\u00e4n taustalla. N\u00e4iden kokemusten kautta Pinksu on oppinut arvostamaan jokap\u00e4iv\u00e4ist\u00e4 el\u00e4m\u00e4\u00e4 ja terveytt\u00e4.<\/p>\n\n\n\n<p><em>\u201dT\u00e4rkeint\u00e4 oli ymp\u00e4r\u00f6id\u00e4 itseni oikeilla ihmisill\u00e4. Hyv\u00e4t yst\u00e4v\u00e4t, perhe ja v\u00e4litt\u00e4v\u00e4 hoitotiimi olivat merkitt\u00e4v\u00e4 osa paranemistani\u201d<\/em>, h\u00e4n kertoo.<br> T\u00e4m\u00e4 kokonaisvaltainen tuki auttoi h\u00e4nt\u00e4 selviytym\u00e4\u00e4n niin fyysisist\u00e4 kuin henkisist\u00e4kin haasteista.<\/p>\n\n\n\n<p><\/p>\n\n\n\n<h2 class=\"wp-block-heading\">Rohkaisu muille: Kaikesta voi selvit\u00e4<\/h2>\n\n\n\n<p>T\u00e4n\u00e4 p\u00e4iv\u00e4n\u00e4 Pinksu el\u00e4\u00e4 t\u00e4ytt\u00e4 el\u00e4m\u00e4\u00e4 yritt\u00e4j\u00e4n\u00e4. H\u00e4n voi hyvin niin fyysisesti kuin henkisesti ja leikkaus on tuonut mukanaan uudenlaisen el\u00e4m\u00e4nilon. H\u00e4n haluaa rohkaista muita samankaltaisen matkan edess\u00e4 olevia.<\/p>\n\n\n\n<section class=\"wp-block-uagb-columns uagb-columns__wrap uagb-columns__background-none uagb-columns__stack-mobile uagb-columns__valign-center uagb-columns__gap-10 align uagb-block-bff96173 uagb-columns__columns-2 uagb-columns__max_width-theme\"><div class=\"uagb-columns__overlay\"><\/div><div class=\"uagb-columns__inner-wrap uagb-columns__columns-2\">\n<div class=\"wp-block-uagb-column uagb-column__wrap uagb-column__background-undefined uagb-block-76e6e4f1\"><div class=\"uagb-column__overlay\"><\/div>\n<div class=\"wp-block-uagb-image alignleft uagb-block-3a676ee4 wp-block-uagb-image--layout-default wp-block-uagb-image--effect-static wp-block-uagb-image--align-left uag-blocks-common-selector\" style=\"--z-index-desktop:23;;--z-index-tablet:undefined;;--z-index-mobile:undefined;\"><figure class=\"wp-block-uagb-image__figure\"><a class=\"\" href=\"https:\/\/www.clinichelena.com\/wp-content\/uploads\/2025\/02\/pinksu-nayttely.jpg\" target=\"\" rel=\"noopener\"><img decoding=\"async\" srcset=\"https:\/\/www.clinichelena.com\/wp-content\/uploads\/2025\/02\/pinksu-nayttely-169x300.jpg ,https:\/\/www.clinichelena.com\/wp-content\/uploads\/2025\/02\/pinksu-nayttely.jpg 780w, https:\/\/www.clinichelena.com\/wp-content\/uploads\/2025\/02\/pinksu-nayttely-576x1024.jpg 360w\" sizes=\"auto, (max-width: 480px) 150px\" src=\"https:\/\/www.clinichelena.com\/wp-content\/uploads\/2025\/02\/pinksu-nayttely-169x300.jpg\" alt=\"\" class=\"uag-image-33585\" width=\"169\" height=\"300\" title=\"\" loading=\"lazy\" role=\"presentation\"\/><\/a><\/figure><\/div>\n<\/div>\n\n\n\n<div class=\"wp-block-uagb-column uagb-column__wrap uagb-column__background-undefined uagb-block-7f9202d8\"><div class=\"uagb-column__overlay\"><\/div>\n<p class=\"has-text-align-left\"><em>&#8221;Anna itsellesi aikaa ja ole armollinen kehollesi. Keho on uskomattoman vahva ja toipuu kyll\u00e4. Kaikesta voi selvit\u00e4!&#8221;<\/em><\/p>\n\n\n\n<p>Pinksun tarina on esill\u00e4 osana Tissimatka-dokumenttin\u00e4yttely\u00e4, jolla h\u00e4n toivoo voivansa inspiroida muita. N\u00e4yttely on parhaillaan esill\u00e4 Oulun Galleriassa 28.2.\u201331.3.2025.<\/p>\n<\/div>\n<\/div><\/section>\n\n\n\n<p>Pinksun matka Clinic Helenan hoivassa on tarina pelosta, kiitollisuudesta ja toivosta.\u00a0 Se on osoitus siit\u00e4, kuinka ammattimainen ja empaattinen hoito voivat auttaa l\u00f6yt\u00e4m\u00e4\u00e4n tien takaisin hyvinvointiin ja onnelliseen el\u00e4m\u00e4\u00e4n.<\/p>\n\n\n\n<figure class=\"wp-block-video\"><video controls src=\"https:\/\/www.clinichelena.com\/wp-content\/uploads\/2025\/02\/Pinksu-ja-Helena-jalkitarkastus.mp4\"><\/video><\/figure>\n\n\n\n<section class=\"wp-block-uagb-section uagb-section__wrap uagb-section__background-color uagb-block-3d2fffef uag-hide-mob\"><div class=\"uagb-section__overlay\"><\/div><div class=\"uagb-section__inner-wrap\">\n<h2 class=\"wp-block-heading\">Nopeasti tutkimuksiin ja hoitoon <\/h2>\n\n\n\n<p>Jos haluat kuulla hoitovaihtoehdoista ja l\u00f6yt\u00e4\u00e4 sinulle sopivimman toimenpiteen, voit varata ajan ilmaiseen hoitajan konsultaatioon tai suoraan Helena Puontin vastaanotolle, nopeasti ilman l\u00e4hetett\u00e4.<\/p>\n\n\n\n<h4 class=\"wp-block-heading\">Miksi valita Clinic Helena:<\/h4>\n\n\n\n<ul class=\"wp-block-list\">\n<li>Maailmanluokan osaaminen ja vuosikymmenten kokemus nykyaikaisista kirurgisista hoitomenetelmist\u00e4.<\/li>\n\n\n\n<li>Helena Puontin asiantunteva l\u00e4hestymistapa ja nopea hoitoon p\u00e4\u00e4sy.<\/li>\n\n\n\n<li>Tampereelle on helppo saapua mist\u00e4 p\u00e4in Suomea tahansa.<\/li>\n\n\n\n<li>Teemme ty\u00f6t\u00e4 syd\u00e4mell\u00e4 ja olemme rinnallasi koko hoitopolun ajan, auttaen Sinua voimaan paremmin.<\/li>\n<\/ul>\n\n\n\n<div class=\"wp-block-uagb-buttons uagb-buttons__outer-wrap uagb-btn__default-btn uagb-btn-tablet__default-btn uagb-btn-mobile__default-btn uagb-block-aaaee149\"><div class=\"uagb-buttons__wrap uagb-buttons-layout-wrap \">\n<div class=\"wp-block-uagb-buttons-child uagb-buttons__outer-wrap uagb-block-05b51c49 wp-block-button\"><div class=\"uagb-button__wrapper\"><a class=\"uagb-buttons-repeater wp-block-button__link\" aria-label=\"\" href=\"https:\/\/www.clinichelena.com\/fi\/yhteystiedot\/\" rel=\"follow noopener\" target=\"_self\" role=\"button\"><div class=\"uagb-button__link\">Ota yhteytt\u00e4<\/div><\/a><\/div><\/div>\n\n\n\n<div class=\"wp-block-uagb-buttons-child uagb-buttons__outer-wrap uagb-block-145f3d38 wp-block-button\"><div class=\"uagb-button__wrapper\"><a class=\"uagb-buttons-repeater wp-block-button__link\" aria-label=\"\" href=\"tel:+358442378021\" rel=\"follow noopener\" target=\"_self\" role=\"button\"><div class=\"uagb-button__link\">050 570 8720<\/div><\/a><\/div><\/div>\n<\/div><\/div>\n<\/div><\/section>\n","protected":false},"excerpt":{"rendered":"<p>Mit\u00e4 Pinksulle kuuluu nyt, kun h\u00e4nen rintaleikkauksestaan on kulunut 2-vuotta? Onko el\u00e4m\u00e4 muuttunut merkitt\u00e4v\u00e4sti ja milt\u00e4 leikkaustuntuu j\u00e4lkeenp\u00e4in ajateltuna?<\/p>\n","protected":false},"author":17,"featured_media":33600,"comment_status":"closed","ping_status":"closed","sticky":false,"template":"","format":"standard","meta":{"_uag_custom_page_level_css":"","_kad_blocks_custom_css":"","_kad_blocks_head_custom_js":"","_kad_blocks_body_custom_js":"","_kad_blocks_footer_custom_js":"","site-sidebar-layout":"default","site-content-layout":"","ast-site-content-layout":"default","site-content-style":"default","site-sidebar-style":"default","ast-global-header-display":"","ast-banner-title-visibility":"","ast-main-header-display":"","ast-hfb-above-header-display":"","ast-hfb-below-header-display":"","ast-hfb-mobile-header-display":"","site-post-title":"","ast-breadcrumbs-content":"","ast-featured-img":"","footer-sml-layout":"","theme-transparent-header-meta":"","adv-header-id-meta":"","stick-header-meta":"","header-above-stick-meta":"","header-main-stick-meta":"","header-below-stick-meta":"","astra-migrate-meta-layouts":"set","ast-page-background-enabled":"default","ast-page-background-meta":{"desktop":{"background-color":"","background-image":"","background-repeat":"repeat","background-position":"center center","background-size":"auto","background-attachment":"scroll","background-type":"","background-media":"","overlay-type":"","overlay-color":"","overlay-opacity":"","overlay-gradient":""},"tablet":{"background-color":"","background-image":"","background-repeat":"repeat","background-position":"center center","background-size":"auto","background-attachment":"scroll","background-type":"","background-media":"","overlay-type":"","overlay-color":"","overlay-opacity":"","overlay-gradient":""},"mobile":{"background-color":"","background-image":"","background-repeat":"repeat","background-position":"center center","background-size":"auto","background-attachment":"scroll","background-type":"","background-media":"","overlay-type":"","overlay-color":"","overlay-opacity":"","overlay-gradient":""}},"ast-content-background-meta":{"desktop":{"background-color":"var(--ast-global-color-5)","background-image":"","background-repeat":"repeat","background-position":"center center","background-size":"auto","background-attachment":"scroll","background-type":"","background-media":"","overlay-type":"","overlay-color":"","overlay-opacity":"","overlay-gradient":""},"tablet":{"background-color":"var(--ast-global-color-5)","background-image":"","background-repeat":"repeat","background-position":"center center","background-size":"auto","background-attachment":"scroll","background-type":"","background-media":"","overlay-type":"","overlay-color":"","overlay-opacity":"","overlay-gradient":""},"mobile":{"background-color":"var(--ast-global-color-5)","background-image":"","background-repeat":"repeat","background-position":"center center","background-size":"auto","background-attachment":"scroll","background-type":"","background-media":"","overlay-type":"","overlay-color":"","overlay-opacity":"","overlay-gradient":""}},"footnotes":""},"categories":[188],"tags":[],"class_list":["post-33584","post","type-post","status-publish","format-standard","has-post-thumbnail","hentry","category-potilaidemme-tarinoita"],"yoast_head":"<!-- This site is optimized with the Yoast SEO plugin v26.6 - https:\/\/yoast.com\/wordpress\/plugins\/seo\/ -->\n<title>Kaksi vuotta rintaleikkauksesta: Mit\u00e4 Pinksulle kuuluu nyt? - Clinic Helena<\/title>\n<meta name=\"description\" content=\"Johanna &quot;Pinksu&quot; Marjomaa sai uudet rinnat 2 -vuotta sitten. Mit\u00e4 h\u00e4nelle kuluu nyt? Tuntuvatko uudelleen rakennetut rinnat omilta?\" \/>\n<meta name=\"robots\" content=\"index, follow, max-snippet:-1, max-image-preview:large, max-video-preview:-1\" \/>\n<link rel=\"canonical\" href=\"https:\/\/www.clinichelena.com\/fi\/potilaidemme-tarinoita\/mita-pinksulle-kuuluu-nyt\/\" \/>\n<meta property=\"og:locale\" content=\"fi_FI\" \/>\n<meta property=\"og:type\" content=\"article\" \/>\n<meta property=\"og:title\" content=\"Kaksi vuotta rintaleikkauksesta: Mit\u00e4 Pinksulle kuuluu nyt? - Clinic Helena\" \/>\n<meta property=\"og:description\" content=\"Johanna &quot;Pinksu&quot; Marjomaa sai uudet rinnat 2 -vuotta sitten. Mit\u00e4 h\u00e4nelle kuluu nyt? Tuntuvatko uudelleen rakennetut rinnat omilta?\" \/>\n<meta property=\"og:url\" content=\"https:\/\/www.clinichelena.com\/fi\/potilaidemme-tarinoita\/mita-pinksulle-kuuluu-nyt\/\" \/>\n<meta property=\"og:site_name\" content=\"Clinic Helena\" \/>\n<meta property=\"article:published_time\" content=\"2025-03-12T15:00:00+00:00\" \/>\n<meta property=\"og:image\" content=\"https:\/\/www.clinichelena.com\/wp-content\/uploads\/2025\/02\/pinksun-kasvot.jpg\" \/>\n\t<meta property=\"og:image:width\" content=\"1200\" \/>\n\t<meta property=\"og:image:height\" content=\"675\" \/>\n\t<meta property=\"og:image:type\" content=\"image\/jpeg\" \/>\n<meta name=\"author\" content=\"Reeta\" \/>\n<meta name=\"twitter:card\" content=\"summary_large_image\" \/>\n<meta name=\"twitter:label1\" content=\"Kirjoittanut\" \/>\n\t<meta name=\"twitter:data1\" content=\"Reeta\" \/>\n\t<meta name=\"twitter:label2\" content=\"Arvioitu lukuaika\" \/>\n\t<meta name=\"twitter:data2\" content=\"5 minuuttia\" \/>\n<script type=\"application\/ld+json\" class=\"yoast-schema-graph\">{\"@context\":\"https:\/\/schema.org\",\"@graph\":[{\"@type\":\"Article\",\"@id\":\"https:\/\/www.clinichelena.com\/fi\/potilaidemme-tarinoita\/mita-pinksulle-kuuluu-nyt\/#article\",\"isPartOf\":{\"@id\":\"https:\/\/www.clinichelena.com\/fi\/potilaidemme-tarinoita\/mita-pinksulle-kuuluu-nyt\/\"},\"author\":{\"name\":\"Reeta\",\"@id\":\"https:\/\/www.clinichelena.com\/fi\/#\/schema\/person\/c131324861390361ecb8ff61c048c28a\"},\"headline\":\"Kaksi vuotta rintaleikkauksesta: Mit\u00e4 Pinksulle kuuluu nyt?\",\"datePublished\":\"2025-03-12T15:00:00+00:00\",\"mainEntityOfPage\":{\"@id\":\"https:\/\/www.clinichelena.com\/fi\/potilaidemme-tarinoita\/mita-pinksulle-kuuluu-nyt\/\"},\"wordCount\":523,\"publisher\":{\"@id\":\"https:\/\/www.clinichelena.com\/fi\/#organization\"},\"image\":{\"@id\":\"https:\/\/www.clinichelena.com\/fi\/potilaidemme-tarinoita\/mita-pinksulle-kuuluu-nyt\/#primaryimage\"},\"thumbnailUrl\":\"https:\/\/www.clinichelena.com\/wp-content\/uploads\/2025\/02\/pinksun-kasvot.jpg\",\"articleSection\":[\"Potilaidemme tarinoita\"],\"inLanguage\":\"fi\"},{\"@type\":\"WebPage\",\"@id\":\"https:\/\/www.clinichelena.com\/fi\/potilaidemme-tarinoita\/mita-pinksulle-kuuluu-nyt\/\",\"url\":\"https:\/\/www.clinichelena.com\/fi\/potilaidemme-tarinoita\/mita-pinksulle-kuuluu-nyt\/\",\"name\":\"Kaksi vuotta rintaleikkauksesta: Mit\u00e4 Pinksulle kuuluu nyt? - Clinic Helena\",\"isPartOf\":{\"@id\":\"https:\/\/www.clinichelena.com\/fi\/#website\"},\"primaryImageOfPage\":{\"@id\":\"https:\/\/www.clinichelena.com\/fi\/potilaidemme-tarinoita\/mita-pinksulle-kuuluu-nyt\/#primaryimage\"},\"image\":{\"@id\":\"https:\/\/www.clinichelena.com\/fi\/potilaidemme-tarinoita\/mita-pinksulle-kuuluu-nyt\/#primaryimage\"},\"thumbnailUrl\":\"https:\/\/www.clinichelena.com\/wp-content\/uploads\/2025\/02\/pinksun-kasvot.jpg\",\"datePublished\":\"2025-03-12T15:00:00+00:00\",\"description\":\"Johanna \\\"Pinksu\\\" Marjomaa sai uudet rinnat 2 -vuotta sitten. Mit\u00e4 h\u00e4nelle kuluu nyt? Tuntuvatko uudelleen rakennetut rinnat omilta?\",\"breadcrumb\":{\"@id\":\"https:\/\/www.clinichelena.com\/fi\/potilaidemme-tarinoita\/mita-pinksulle-kuuluu-nyt\/#breadcrumb\"},\"inLanguage\":\"fi\",\"potentialAction\":[{\"@type\":\"ReadAction\",\"target\":[\"https:\/\/www.clinichelena.com\/fi\/potilaidemme-tarinoita\/mita-pinksulle-kuuluu-nyt\/\"]}]},{\"@type\":\"ImageObject\",\"inLanguage\":\"fi\",\"@id\":\"https:\/\/www.clinichelena.com\/fi\/potilaidemme-tarinoita\/mita-pinksulle-kuuluu-nyt\/#primaryimage\",\"url\":\"https:\/\/www.clinichelena.com\/wp-content\/uploads\/2025\/02\/pinksun-kasvot.jpg\",\"contentUrl\":\"https:\/\/www.clinichelena.com\/wp-content\/uploads\/2025\/02\/pinksun-kasvot.jpg\",\"width\":1200,\"height\":675,\"caption\":\"Mit\u00e4 Pinksulle kuuluu nyt? Tuliko uudelleen rakennetyista rinnoista sellaiset kuin han halusi...\"},{\"@type\":\"BreadcrumbList\",\"@id\":\"https:\/\/www.clinichelena.com\/fi\/potilaidemme-tarinoita\/mita-pinksulle-kuuluu-nyt\/#breadcrumb\",\"itemListElement\":[{\"@type\":\"ListItem\",\"position\":1,\"name\":\"Etusivu\",\"item\":\"https:\/\/www.clinichelena.com\/fi\/\"},{\"@type\":\"ListItem\",\"position\":2,\"name\":\"Potilaidemme tarinoita\",\"item\":\"https:\/\/www.clinichelena.com\/fi\/artikkelit\/potilaidemme-tarinoita\/\"},{\"@type\":\"ListItem\",\"position\":3,\"name\":\"Kaksi vuotta rintaleikkauksesta: Mit\u00e4 Pinksulle kuuluu nyt?\"}]},{\"@type\":\"WebSite\",\"@id\":\"https:\/\/www.clinichelena.com\/fi\/#website\",\"url\":\"https:\/\/www.clinichelena.com\/fi\/\",\"name\":\"Clinic Helena\",\"description\":\"Your Breasts Matter\",\"publisher\":{\"@id\":\"https:\/\/www.clinichelena.com\/fi\/#organization\"},\"potentialAction\":[{\"@type\":\"SearchAction\",\"target\":{\"@type\":\"EntryPoint\",\"urlTemplate\":\"https:\/\/www.clinichelena.com\/fi\/?s={search_term_string}\"},\"query-input\":{\"@type\":\"PropertyValueSpecification\",\"valueRequired\":true,\"valueName\":\"search_term_string\"}}],\"inLanguage\":\"fi\"},{\"@type\":\"Organization\",\"@id\":\"https:\/\/www.clinichelena.com\/fi\/#organization\",\"name\":\"Klinikka Helena\",\"url\":\"https:\/\/www.clinichelena.com\/fi\/\",\"logo\":{\"@type\":\"ImageObject\",\"inLanguage\":\"fi\",\"@id\":\"https:\/\/www.clinichelena.com\/fi\/#\/schema\/logo\/image\/\",\"url\":\"https:\/\/www.clinichelena.com\/wp-content\/uploads\/2020\/11\/New-logo.png\",\"contentUrl\":\"https:\/\/www.clinichelena.com\/wp-content\/uploads\/2020\/11\/New-logo.png\",\"width\":950,\"height\":661,\"caption\":\"Klinikka Helena\"},\"image\":{\"@id\":\"https:\/\/www.clinichelena.com\/fi\/#\/schema\/logo\/image\/\"}},{\"@type\":\"Person\",\"@id\":\"https:\/\/www.clinichelena.com\/fi\/#\/schema\/person\/c131324861390361ecb8ff61c048c28a\",\"name\":\"Reeta\",\"image\":{\"@type\":\"ImageObject\",\"inLanguage\":\"fi\",\"@id\":\"https:\/\/www.clinichelena.com\/fi\/#\/schema\/person\/image\/\",\"url\":\"https:\/\/secure.gravatar.com\/avatar\/957b97c9d2192d2facbabe4ce7575e88c2346bebf6a87c69c3d2a6d2c7d686f0?s=96&d=mm&r=g\",\"contentUrl\":\"https:\/\/secure.gravatar.com\/avatar\/957b97c9d2192d2facbabe4ce7575e88c2346bebf6a87c69c3d2a6d2c7d686f0?s=96&d=mm&r=g\",\"caption\":\"Reeta\"},\"url\":\"https:\/\/www.clinichelena.com\/fi\/author\/reeta-luoto\/\"}]}<\/script>\n<!-- \/ Yoast SEO plugin. -->","yoast_head_json":{"title":"Kaksi vuotta rintaleikkauksesta: Mit\u00e4 Pinksulle kuuluu nyt? - Clinic Helena","description":"Johanna \"Pinksu\" Marjomaa sai uudet rinnat 2 -vuotta sitten. Mit\u00e4 h\u00e4nelle kuluu nyt? Tuntuvatko uudelleen rakennetut rinnat omilta?","robots":{"index":"index","follow":"follow","max-snippet":"max-snippet:-1","max-image-preview":"max-image-preview:large","max-video-preview":"max-video-preview:-1"},"canonical":"https:\/\/www.clinichelena.com\/fi\/potilaidemme-tarinoita\/mita-pinksulle-kuuluu-nyt\/","og_locale":"fi_FI","og_type":"article","og_title":"Kaksi vuotta rintaleikkauksesta: Mit\u00e4 Pinksulle kuuluu nyt? - Clinic Helena","og_description":"Johanna \"Pinksu\" Marjomaa sai uudet rinnat 2 -vuotta sitten. Mit\u00e4 h\u00e4nelle kuluu nyt? Tuntuvatko uudelleen rakennetut rinnat omilta?","og_url":"https:\/\/www.clinichelena.com\/fi\/potilaidemme-tarinoita\/mita-pinksulle-kuuluu-nyt\/","og_site_name":"Clinic Helena","article_published_time":"2025-03-12T15:00:00+00:00","og_image":[{"width":1200,"height":675,"url":"https:\/\/www.clinichelena.com\/wp-content\/uploads\/2025\/02\/pinksun-kasvot.jpg","type":"image\/jpeg"}],"author":"Reeta","twitter_card":"summary_large_image","twitter_misc":{"Kirjoittanut":"Reeta","Arvioitu lukuaika":"5 minuuttia"},"schema":{"@context":"https:\/\/schema.org","@graph":[{"@type":"Article","@id":"https:\/\/www.clinichelena.com\/fi\/potilaidemme-tarinoita\/mita-pinksulle-kuuluu-nyt\/#article","isPartOf":{"@id":"https:\/\/www.clinichelena.com\/fi\/potilaidemme-tarinoita\/mita-pinksulle-kuuluu-nyt\/"},"author":{"name":"Reeta","@id":"https:\/\/www.clinichelena.com\/fi\/#\/schema\/person\/c131324861390361ecb8ff61c048c28a"},"headline":"Kaksi vuotta rintaleikkauksesta: Mit\u00e4 Pinksulle kuuluu nyt?","datePublished":"2025-03-12T15:00:00+00:00","mainEntityOfPage":{"@id":"https:\/\/www.clinichelena.com\/fi\/potilaidemme-tarinoita\/mita-pinksulle-kuuluu-nyt\/"},"wordCount":523,"publisher":{"@id":"https:\/\/www.clinichelena.com\/fi\/#organization"},"image":{"@id":"https:\/\/www.clinichelena.com\/fi\/potilaidemme-tarinoita\/mita-pinksulle-kuuluu-nyt\/#primaryimage"},"thumbnailUrl":"https:\/\/www.clinichelena.com\/wp-content\/uploads\/2025\/02\/pinksun-kasvot.jpg","articleSection":["Potilaidemme tarinoita"],"inLanguage":"fi"},{"@type":"WebPage","@id":"https:\/\/www.clinichelena.com\/fi\/potilaidemme-tarinoita\/mita-pinksulle-kuuluu-nyt\/","url":"https:\/\/www.clinichelena.com\/fi\/potilaidemme-tarinoita\/mita-pinksulle-kuuluu-nyt\/","name":"Kaksi vuotta rintaleikkauksesta: Mit\u00e4 Pinksulle kuuluu nyt? - Clinic Helena","isPartOf":{"@id":"https:\/\/www.clinichelena.com\/fi\/#website"},"primaryImageOfPage":{"@id":"https:\/\/www.clinichelena.com\/fi\/potilaidemme-tarinoita\/mita-pinksulle-kuuluu-nyt\/#primaryimage"},"image":{"@id":"https:\/\/www.clinichelena.com\/fi\/potilaidemme-tarinoita\/mita-pinksulle-kuuluu-nyt\/#primaryimage"},"thumbnailUrl":"https:\/\/www.clinichelena.com\/wp-content\/uploads\/2025\/02\/pinksun-kasvot.jpg","datePublished":"2025-03-12T15:00:00+00:00","description":"Johanna \"Pinksu\" Marjomaa sai uudet rinnat 2 -vuotta sitten. Mit\u00e4 h\u00e4nelle kuluu nyt? Tuntuvatko uudelleen rakennetut rinnat omilta?","breadcrumb":{"@id":"https:\/\/www.clinichelena.com\/fi\/potilaidemme-tarinoita\/mita-pinksulle-kuuluu-nyt\/#breadcrumb"},"inLanguage":"fi","potentialAction":[{"@type":"ReadAction","target":["https:\/\/www.clinichelena.com\/fi\/potilaidemme-tarinoita\/mita-pinksulle-kuuluu-nyt\/"]}]},{"@type":"ImageObject","inLanguage":"fi","@id":"https:\/\/www.clinichelena.com\/fi\/potilaidemme-tarinoita\/mita-pinksulle-kuuluu-nyt\/#primaryimage","url":"https:\/\/www.clinichelena.com\/wp-content\/uploads\/2025\/02\/pinksun-kasvot.jpg","contentUrl":"https:\/\/www.clinichelena.com\/wp-content\/uploads\/2025\/02\/pinksun-kasvot.jpg","width":1200,"height":675,"caption":"Mit\u00e4 Pinksulle kuuluu nyt? Tuliko uudelleen rakennetyista rinnoista sellaiset kuin han halusi..."},{"@type":"BreadcrumbList","@id":"https:\/\/www.clinichelena.com\/fi\/potilaidemme-tarinoita\/mita-pinksulle-kuuluu-nyt\/#breadcrumb","itemListElement":[{"@type":"ListItem","position":1,"name":"Etusivu","item":"https:\/\/www.clinichelena.com\/fi\/"},{"@type":"ListItem","position":2,"name":"Potilaidemme tarinoita","item":"https:\/\/www.clinichelena.com\/fi\/artikkelit\/potilaidemme-tarinoita\/"},{"@type":"ListItem","position":3,"name":"Kaksi vuotta rintaleikkauksesta: Mit\u00e4 Pinksulle kuuluu nyt?"}]},{"@type":"WebSite","@id":"https:\/\/www.clinichelena.com\/fi\/#website","url":"https:\/\/www.clinichelena.com\/fi\/","name":"Clinic Helena","description":"Your Breasts Matter","publisher":{"@id":"https:\/\/www.clinichelena.com\/fi\/#organization"},"potentialAction":[{"@type":"SearchAction","target":{"@type":"EntryPoint","urlTemplate":"https:\/\/www.clinichelena.com\/fi\/?s={search_term_string}"},"query-input":{"@type":"PropertyValueSpecification","valueRequired":true,"valueName":"search_term_string"}}],"inLanguage":"fi"},{"@type":"Organization","@id":"https:\/\/www.clinichelena.com\/fi\/#organization","name":"Klinikka Helena","url":"https:\/\/www.clinichelena.com\/fi\/","logo":{"@type":"ImageObject","inLanguage":"fi","@id":"https:\/\/www.clinichelena.com\/fi\/#\/schema\/logo\/image\/","url":"https:\/\/www.clinichelena.com\/wp-content\/uploads\/2020\/11\/New-logo.png","contentUrl":"https:\/\/www.clinichelena.com\/wp-content\/uploads\/2020\/11\/New-logo.png","width":950,"height":661,"caption":"Klinikka Helena"},"image":{"@id":"https:\/\/www.clinichelena.com\/fi\/#\/schema\/logo\/image\/"}},{"@type":"Person","@id":"https:\/\/www.clinichelena.com\/fi\/#\/schema\/person\/c131324861390361ecb8ff61c048c28a","name":"Reeta","image":{"@type":"ImageObject","inLanguage":"fi","@id":"https:\/\/www.clinichelena.com\/fi\/#\/schema\/person\/image\/","url":"https:\/\/secure.gravatar.com\/avatar\/957b97c9d2192d2facbabe4ce7575e88c2346bebf6a87c69c3d2a6d2c7d686f0?s=96&d=mm&r=g","contentUrl":"https:\/\/secure.gravatar.com\/avatar\/957b97c9d2192d2facbabe4ce7575e88c2346bebf6a87c69c3d2a6d2c7d686f0?s=96&d=mm&r=g","caption":"Reeta"},"url":"https:\/\/www.clinichelena.com\/fi\/author\/reeta-luoto\/"}]}},"taxonomy_info":{"category":[{"value":188,"label":"Potilaidemme tarinoita"}]},"featured_image_src_large":["https:\/\/www.clinichelena.com\/wp-content\/uploads\/2025\/02\/pinksun-kasvot-1024x576.jpg",1024,576,true],"author_info":{"display_name":"Reeta","author_link":"https:\/\/www.clinichelena.com\/fi\/author\/reeta-luoto\/"},"comment_info":"","category_info":[{"term_id":188,"name":"Potilaidemme tarinoita","slug":"potilaidemme-tarinoita","term_group":0,"term_taxonomy_id":188,"taxonomy":"category","description":"Lue potilaidemme tarinoita siit\u00e4, kuinka olemme auttaneet heit\u00e4 palaamaan normaaliin el\u00e4m\u00e4\u00e4n.","parent":0,"count":9,"filter":"raw","cat_ID":188,"category_count":9,"category_description":"Lue potilaidemme tarinoita siit\u00e4, kuinka olemme auttaneet heit\u00e4 palaamaan normaaliin el\u00e4m\u00e4\u00e4n.","cat_name":"Potilaidemme tarinoita","category_nicename":"potilaidemme-tarinoita","category_parent":0}],"tag_info":false,"uagb_featured_image_src":{"full":["https:\/\/www.clinichelena.com\/wp-content\/uploads\/2025\/02\/pinksun-kasvot.jpg",1200,675,false],"thumbnail":["https:\/\/www.clinichelena.com\/wp-content\/uploads\/2025\/02\/pinksun-kasvot-150x150.jpg",150,150,true],"medium":["https:\/\/www.clinichelena.com\/wp-content\/uploads\/2025\/02\/pinksun-kasvot-300x169.jpg",300,169,true],"medium_large":["https:\/\/www.clinichelena.com\/wp-content\/uploads\/2025\/02\/pinksun-kasvot-768x432.jpg",768,432,true],"large":["https:\/\/www.clinichelena.com\/wp-content\/uploads\/2025\/02\/pinksun-kasvot-1024x576.jpg",1024,576,true],"1536x1536":["https:\/\/www.clinichelena.com\/wp-content\/uploads\/2025\/02\/pinksun-kasvot.jpg",1200,675,false],"2048x2048":["https:\/\/www.clinichelena.com\/wp-content\/uploads\/2025\/02\/pinksun-kasvot.jpg",1200,675,false],"custom-square":["https:\/\/www.clinichelena.com\/wp-content\/uploads\/2025\/02\/pinksun-kasvot-300x300.jpg",300,300,true]},"uagb_author_info":{"display_name":"Reeta","author_link":"https:\/\/www.clinichelena.com\/fi\/author\/reeta-luoto\/"},"uagb_comment_info":0,"uagb_excerpt":"Mit\u00e4 Pinksulle kuuluu nyt, kun h\u00e4nen rintaleikkauksestaan on kulunut 2-vuotta? Onko el\u00e4m\u00e4 muuttunut merkitt\u00e4v\u00e4sti ja milt\u00e4 leikkaustuntuu j\u00e4lkeenp\u00e4in ajateltuna?","_links":{"self":[{"href":"https:\/\/www.clinichelena.com\/fi\/wp-json\/wp\/v2\/posts\/33584","targetHints":{"allow":["GET"]}}],"collection":[{"href":"https:\/\/www.clinichelena.com\/fi\/wp-json\/wp\/v2\/posts"}],"about":[{"href":"https:\/\/www.clinichelena.com\/fi\/wp-json\/wp\/v2\/types\/post"}],"author":[{"embeddable":true,"href":"https:\/\/www.clinichelena.com\/fi\/wp-json\/wp\/v2\/users\/17"}],"replies":[{"embeddable":true,"href":"https:\/\/www.clinichelena.com\/fi\/wp-json\/wp\/v2\/comments?post=33584"}],"version-history":[{"count":9,"href":"https:\/\/www.clinichelena.com\/fi\/wp-json\/wp\/v2\/posts\/33584\/revisions"}],"predecessor-version":[{"id":33635,"href":"https:\/\/www.clinichelena.com\/fi\/wp-json\/wp\/v2\/posts\/33584\/revisions\/33635"}],"wp:featuredmedia":[{"embeddable":true,"href":"https:\/\/www.clinichelena.com\/fi\/wp-json\/wp\/v2\/media\/33600"}],"wp:attachment":[{"href":"https:\/\/www.clinichelena.com\/fi\/wp-json\/wp\/v2\/media?parent=33584"}],"wp:term":[{"taxonomy":"category","embeddable":true,"href":"https:\/\/www.clinichelena.com\/fi\/wp-json\/wp\/v2\/categories?post=33584"},{"taxonomy":"post_tag","embeddable":true,"href":"https:\/\/www.clinichelena.com\/fi\/wp-json\/wp\/v2\/tags?post=33584"}],"curies":[{"name":"wp","href":"https:\/\/api.w.org\/{rel}","templated":true}]}}